{"id":189,"date":"2019-08-30T12:44:52","date_gmt":"2019-08-30T10:44:52","guid":{"rendered":"http:\/\/wp12274780.server-he.de\/TIMM\/?p=189"},"modified":"2019-09-11T11:03:59","modified_gmt":"2019-09-11T09:03:59","slug":"bewegungsfreiheit-und-optisch-ansprechendes-design-barrierefreie-baeder-liegen-im-trend","status":"publish","type":"post","link":"https:\/\/wilhelm-Timm-Fliesen.de\/index.php\/bewegungsfreiheit-und-optisch-ansprechendes-design-barrierefreie-baeder-liegen-im-trend\/","title":{"rendered":"Bewegungsfreiheit und optisch ansprechendes Design: Barrierefreie B\u00e4der liegen im Trend"},"content":{"rendered":"[vc_row type=&#8220;in_container&#8220; full_screen_row_position=&#8220;middle&#8220; scene_position=&#8220;center&#8220; text_color=&#8220;dark&#8220; text_align=&#8220;left&#8220; overlay_strength=&#8220;0.3&#8243; shape_divider_position=&#8220;bottom&#8220; bg_image_animation=&#8220;none&#8220;][vc_column column_padding=&#8220;no-extra-padding&#8220; column_padding_position=&#8220;all&#8220; background_color_opacity=&#8220;1&#8243; background_hover_color_opacity=&#8220;1&#8243; column_link_target=&#8220;_self&#8220; column_shadow=&#8220;none&#8220; column_border_radius=&#8220;none&#8220; width=&#8220;2\/3&#8243; tablet_width_inherit=&#8220;default&#8220; tablet_text_alignment=&#8220;default&#8220; phone_text_alignment=&#8220;default&#8220; column_border_width=&#8220;none&#8220; column_border_style=&#8220;solid&#8220; bg_image_animation=&#8220;none&#8220;][vc_column_text]Das unabh\u00e4ngige Leben und Wohnen im Alter steht und f\u00e4llt mit der komfortablen Nutzbarkeit des Badezimmers. Ein barrierefreies Bad auf einem gro\u00dfz\u00fcgigen Grundriss bietet in ihrer Bewegung eingeschr\u00e4nkten Personen und Senioren die M\u00f6glichkeit, bis ins hohe Alter selbstst\u00e4ndig zu wohnen und bei der K\u00f6rperpflege eigenst\u00e4ndig zu bleiben.<\/p>\n<p>Doch auch \u201eBest Ager\u201c und junge Familien profitieren vom hohen Komfort von B\u00e4dern, die nach den Kriterien der Barrierefreiheit geplant sind. Barrierefreie B\u00e4der bieten einen hohen Bewegungskomfort und lassen sich zugleich gro\u00dfz\u00fcgig und optisch modern gestalten.<\/p>\n<p>Wir bieten f\u00fcr unterschiedliche Budgets passende L\u00f6sungen an. Manchmal reicht es bereits aus, eine hohe Brausetasse durch eine Flachbrausetasse zu ersetzen. Im Idealfall kann eine bodengleiche Duschl\u00f6sung realisiert werden.<\/p>\n[\/vc_column_text][\/vc_column][vc_column column_padding=&#8220;no-extra-padding&#8220; column_padding_position=&#8220;all&#8220; background_color_opacity=&#8220;1&#8243; background_hover_color_opacity=&#8220;1&#8243; column_link_target=&#8220;_self&#8220; column_shadow=&#8220;none&#8220; column_border_radius=&#8220;none&#8220; width=&#8220;1\/3&#8243; tablet_width_inherit=&#8220;default&#8220; tablet_text_alignment=&#8220;default&#8220; phone_text_alignment=&#8220;default&#8220; column_border_width=&#8220;none&#8220; column_border_style=&#8220;solid&#8220; bg_image_animation=&#8220;none&#8220;][\/vc_column][\/vc_row][vc_row type=&#8220;in_container&#8220; full_screen_row_position=&#8220;middle&#8220; scene_position=&#8220;center&#8220; text_color=&#8220;dark&#8220; text_align=&#8220;left&#8220; overlay_strength=&#8220;0.3&#8243; shape_divider_position=&#8220;bottom&#8220; bg_image_animation=&#8220;none&#8220;][vc_column column_padding=&#8220;no-extra-padding&#8220; column_padding_position=&#8220;all&#8220; background_color_opacity=&#8220;1&#8243; background_hover_color_opacity=&#8220;1&#8243; column_link_target=&#8220;_self&#8220; column_shadow=&#8220;none&#8220; column_border_radius=&#8220;none&#8220; width=&#8220;1\/3&#8243; tablet_width_inherit=&#8220;default&#8220; tablet_text_alignment=&#8220;default&#8220; phone_text_alignment=&#8220;default&#8220; column_border_width=&#8220;none&#8220; column_border_style=&#8220;solid&#8220; bg_image_animation=&#8220;none&#8220;][image_with_animation image_url=&#8220;272&#8243; alignment=&#8220;&#8220; animation=&#8220;Fade In&#8220; border_radius=&#8220;none&#8220; box_shadow=&#8220;none&#8220; max_width=&#8220;100%&#8220;][\/vc_column][vc_column column_padding=&#8220;no-extra-padding&#8220; column_padding_position=&#8220;all&#8220; background_color_opacity=&#8220;1&#8243; background_hover_color_opacity=&#8220;1&#8243; column_link_target=&#8220;_self&#8220; column_shadow=&#8220;none&#8220; column_border_radius=&#8220;none&#8220; width=&#8220;2\/3&#8243; tablet_width_inherit=&#8220;default&#8220; tablet_text_alignment=&#8220;default&#8220; phone_text_alignment=&#8220;default&#8220; column_border_width=&#8220;none&#8220; column_border_style=&#8220;solid&#8220; bg_image_animation=&#8220;none&#8220;][vc_column_text]\n<h4>Zuschussl\u00f6sung<\/h4>\n[\/vc_column_text][vc_column_text css=&#8220;.vc_custom_1568192359126{margin-top: -20px !important;}&#8220;]\n<h2><strong>Barrierefreies Bad F\u00f6rderungen und Zusch\u00fcsse<\/strong><\/h2>\n<p>Zusch\u00fcsse f\u00fcr das behindertengerechte Bad (Umbau und Sanierung) sind an verschiedene Bedingungen gekn\u00fcpft. Bei der Planung eines behindertengerechten Badumbaus sollte vorher gekl\u00e4rt werden, ob das Badezimmer komplett rollstuhlgerecht umgebaut werden soll oder ob nur einzelne Elemente, wie die Dusche, behindertengerecht werden m\u00fcssen.<\/p>\n<p>In der Praxis bedeutet dies, dass es die M\u00f6glichkeit gibt, nach Eintritt der Pflegebed\u00fcrftigkeit (nach Gew\u00e4hrung einer\u00a0<a href=\"https:\/\/www.pflegeverantwortung.de\/pflegeleistungen-pflegekasse\/pflegestufen\/\">Pflegestufe<\/a>) die Wohnung so anzupassen, dass diese weiterhin l\u00e4ngerfristig genutzt werden kann.<\/p>\n<p>Die typischen Umbauten f\u00fcr die Pflege zu Hause sind: Badumbauten (Dusche statt Wanne), ebenerdiger Zugang zur Dusche, T\u00fcrverbreiterungen f\u00fcr den\u00a0<a href=\"https:\/\/www.pflegeverantwortung.de\/pflegeleistungen-pflegekasse\/rollatoren\/\">Rollator<\/a>\u00a0oder den\u00a0<a href=\"https:\/\/www.pflegeverantwortung.de\/pflegeleistungen-pflegekasse\/rollstuhl\/\">Rollstuhl<\/a>, das Beseitigen von T\u00fcrschwellen und die Errichtung von Rampen.<\/p>\n<ul>\n<li><a href=\"https:\/\/www.handicap-bazar.de\/barrierefreies-bad-bauen-foerderung-und-normen\/#pflegekasse\">Pflegekasse, Pflegeversicherung<\/a>(wohnumfeldverbessernde Ma\u00dfnahmen bis 4000 Euro)<\/li>\n<li><a href=\"https:\/\/www.handicap-bazar.de\/barrierefreies-bad-bauen-foerderung-und-normen\/#krankenkasse\">Krankenkasse<\/a>(einzelne Elemente und Hilfsmittel im Bad)<\/li>\n<\/ul>\n[\/vc_column_text][\/vc_column][\/vc_row]\n","protected":false},"excerpt":{"rendered":"<p>[vc_row type=&#8220;in_container&#8220; full_screen_row_position=&#8220;middle&#8220; scene_position=&#8220;center&#8220; text_color=&#8220;dark&#8220; text_align=&#8220;left&#8220; overlay_strength=&#8220;0.3&#8243; shape_divider_position=&#8220;bottom&#8220; bg_image_animation=&#8220;none&#8220;][vc_column column_padding=&#8220;no-extra-padding&#8220; column_padding_position=&#8220;all&#8220; background_color_opacity=&#8220;1&#8243; background_hover_color_opacity=&#8220;1&#8243; column_link_target=&#8220;_self&#8220; column_shadow=&#8220;none&#8220; column_border_radius=&#8220;none&#8220; width=&#8220;2\/3&#8243; tablet_width_inherit=&#8220;default&#8220; tablet_text_alignment=&#8220;default&#8220; phone_text_alignment=&#8220;default&#8220; column_border_width=&#8220;none&#8220; column_border_style=&#8220;solid&#8220; bg_image_animation=&#8220;none&#8220;][vc_column_text]Das unabh\u00e4ngige Leben und Wohnen im Alter steht&#8230;<\/p>\n","protected":false},"author":1,"featured_media":106,"comment_status":"closed","ping_status":"closed","sticky":false,"template":"","format":"standard","meta":{"footnotes":""},"categories":[1],"tags":[],"class_list":{"0":"post-189","1":"post","2":"type-post","3":"status-publish","4":"format-standard","5":"has-post-thumbnail","7":"category-allgemein"},"_links":{"self":[{"href":"https:\/\/wilhelm-Timm-Fliesen.de\/index.php\/wp-json\/wp\/v2\/posts\/189","targetHints":{"allow":["GET"]}}],"collection":[{"href":"https:\/\/wilhelm-Timm-Fliesen.de\/index.php\/wp-json\/wp\/v2\/posts"}],"about":[{"href":"https:\/\/wilhelm-Timm-Fliesen.de\/index.php\/wp-json\/wp\/v2\/types\/post"}],"author":[{"embeddable":true,"href":"https:\/\/wilhelm-Timm-Fliesen.de\/index.php\/wp-json\/wp\/v2\/users\/1"}],"replies":[{"embeddable":true,"href":"https:\/\/wilhelm-Timm-Fliesen.de\/index.php\/wp-json\/wp\/v2\/comments?post=189"}],"version-history":[{"count":7,"href":"https:\/\/wilhelm-Timm-Fliesen.de\/index.php\/wp-json\/wp\/v2\/posts\/189\/revisions"}],"predecessor-version":[{"id":273,"href":"https:\/\/wilhelm-Timm-Fliesen.de\/index.php\/wp-json\/wp\/v2\/posts\/189\/revisions\/273"}],"wp:featuredmedia":[{"embeddable":true,"href":"https:\/\/wilhelm-Timm-Fliesen.de\/index.php\/wp-json\/wp\/v2\/media\/106"}],"wp:attachment":[{"href":"https:\/\/wilhelm-Timm-Fliesen.de\/index.php\/wp-json\/wp\/v2\/media?parent=189"}],"wp:term":[{"taxonomy":"category","embeddable":true,"href":"https:\/\/wilhelm-Timm-Fliesen.de\/index.php\/wp-json\/wp\/v2\/categories?post=189"},{"taxonomy":"post_tag","embeddable":true,"href":"https:\/\/wilhelm-Timm-Fliesen.de\/index.php\/wp-json\/wp\/v2\/tags?post=189"}],"curies":[{"name":"wp","href":"https:\/\/api.w.org\/{rel}","templated":true}]}}