{"id":679,"date":"2020-06-05T11:40:20","date_gmt":"2020-06-05T09:40:20","guid":{"rendered":"https:\/\/wilhelm-Timm-Fliesen.de\/index.php\/?p=679"},"modified":"2020-06-09T11:02:00","modified_gmt":"2020-06-09T09:02:00","slug":"wohnumfeldverbessernde-massnahmen-fuer-menschen-mit-pflegegrad","status":"publish","type":"post","link":"https:\/\/wilhelm-Timm-Fliesen.de\/index.php\/wohnumfeldverbessernde-massnahmen-fuer-menschen-mit-pflegegrad\/","title":{"rendered":"Wohnumfeldverbessernde Ma\u00dfnahmen f\u00fcr Menschen mit Pflegegrad"},"content":{"rendered":"[vc_row type=&#8220;in_container&#8220; full_screen_row_position=&#8220;middle&#8220; scene_position=&#8220;center&#8220; text_color=&#8220;dark&#8220; text_align=&#8220;left&#8220; top_padding=&#8220;75&#8243; overlay_strength=&#8220;0.3&#8243; shape_divider_position=&#8220;bottom&#8220; bg_image_animation=&#8220;none&#8220; shape_type=&#8220;&#8220;][vc_column column_padding=&#8220;no-extra-padding&#8220; column_padding_position=&#8220;all&#8220; background_color_opacity=&#8220;1&#8243; background_hover_color_opacity=&#8220;1&#8243; column_link_target=&#8220;_self&#8220; column_shadow=&#8220;none&#8220; column_border_radius=&#8220;none&#8220; width=&#8220;1\/1&#8243; tablet_width_inherit=&#8220;default&#8220; tablet_text_alignment=&#8220;default&#8220; phone_text_alignment=&#8220;default&#8220; column_border_width=&#8220;none&#8220; column_border_style=&#8220;solid&#8220; bg_image_animation=&#8220;none&#8220;][vc_column_text]\n<h3><strong>Ein Traum kann Wirklichkeit werden<\/strong><\/h3>\n<p>Stellen Sie sich eine ebenerdige Dusche vor, offen zug\u00e4nglich und mit viel Platz. Sie ist gefliest mit rutschhemmenden Fliesen im schicken Design. Au\u00dferdem gibt es einen Sitz in dieser Dusche und einen Regenfall, der angenehm auf die Haut prasselt. Der Weg durch den Flur ist leicht, denn er ist mit den gleichen pflegeleichten Fliesen gefliest. Frisch und freudig machen Sie sich in der K\u00fcche ein herrliches Fr\u00fchst\u00fcck. Denn auch hier bewegen Sie sich sicher \u00fcber einen angenehmen Fliesenboden. Sie k\u00f6nnen das Fr\u00fchst\u00fcck auch auf der trittsicheren Terrasse genie\u00dfen. Der Morgen startet f\u00fcr Sie sicher, selbstst\u00e4ndig und m\u00fchelos in den eigenen vier W\u00e4nden.[\/vc_column_text][\/vc_column][\/vc_row][vc_row type=&#8220;in_container&#8220; full_screen_row_position=&#8220;middle&#8220; scene_position=&#8220;center&#8220; text_color=&#8220;dark&#8220; text_align=&#8220;left&#8220; top_padding=&#8220;40&#8243; overlay_strength=&#8220;0.3&#8243; shape_divider_position=&#8220;bottom&#8220; bg_image_animation=&#8220;none&#8220; shape_type=&#8220;&#8220;][vc_column column_padding=&#8220;no-extra-padding&#8220; column_padding_position=&#8220;all&#8220; background_color_opacity=&#8220;1&#8243; background_hover_color_opacity=&#8220;1&#8243; column_link_target=&#8220;_self&#8220; column_shadow=&#8220;none&#8220; column_border_radius=&#8220;none&#8220; width=&#8220;1\/1&#8243; tablet_width_inherit=&#8220;default&#8220; tablet_text_alignment=&#8220;default&#8220; phone_text_alignment=&#8220;default&#8220; column_border_width=&#8220;none&#8220; column_border_style=&#8220;solid&#8220; bg_image_animation=&#8220;none&#8220;][image_with_animation image_url=&#8220;567&#8243; alignment=&#8220;center&#8220; animation=&#8220;Fade In From Bottom&#8220; border_radius=&#8220;none&#8220; box_shadow=&#8220;none&#8220; max_width=&#8220;100%&#8220;][\/vc_column][\/vc_row][vc_row type=&#8220;in_container&#8220; full_screen_row_position=&#8220;middle&#8220; scene_position=&#8220;center&#8220; text_color=&#8220;dark&#8220; text_align=&#8220;left&#8220; overlay_strength=&#8220;0.3&#8243; shape_divider_position=&#8220;bottom&#8220; bg_image_animation=&#8220;none&#8220;][vc_column column_padding=&#8220;no-extra-padding&#8220; column_padding_position=&#8220;all&#8220; background_color_opacity=&#8220;1&#8243; background_hover_color_opacity=&#8220;1&#8243; column_link_target=&#8220;_self&#8220; column_shadow=&#8220;none&#8220; column_border_radius=&#8220;none&#8220; width=&#8220;1\/1&#8243; tablet_width_inherit=&#8220;default&#8220; tablet_text_alignment=&#8220;default&#8220; phone_text_alignment=&#8220;default&#8220; column_border_width=&#8220;none&#8220; column_border_style=&#8220;solid&#8220; bg_image_animation=&#8220;none&#8220;][vc_column_text]\n<h3><strong>Der Zuschuss und die Antragstellung<\/strong><\/h3>\n<p>Die Pflegekasse zahlt auf Antrag f\u00fcr pflegebed\u00fcrftige Menschen mit einem Pflegegrad 1 bis 5 (vormals Pflegestufe 1 bis 5) bis zu 4000\u20ac als Zuschuss f\u00fcr wohnumfeldverbessernde Ma\u00dfnahmen. Diese Ma\u00dfnahmen sollen Pflegebed\u00fcrftigen und auch dem Pflegepersonal, die Pflege in der Wohnung oder im Haus erm\u00f6glichen. Zudem erleichtert eine Ma\u00dfnahme zu Anpassungen des Wohnumfeldes die Pflege und f\u00f6rdert eine m\u00f6glichst selbstst\u00e4ndige Lebensf\u00fchrung. Sollten mehrere Menschen mit Pflegebed\u00fcrfnissen zusammenwohnen, steht jedem Bewohner dieser Zuschuss zu. Dies soll vor allem ambulant betreuten Wohngruppen zugutekommen. Ziel ist es stets \u00dcberforderung des Pflegebed\u00fcrftigen oder des Pflegepersonals zu verhindern und Selbstst\u00e4ndigkeit zu f\u00f6rdern.<\/p>\n<p>So werden die Ma\u00dfnahmen im Einzelfall bezuschusst, wenn diese Kriterien erf\u00fcllt sind:<\/p>\n<ul>\n<li>Die h\u00e4usliche\/ambulante Pflege wird durch die wohnumfeldverbessernden Ma\u00dfnahmen erst erm\u00f6glicht.<\/li>\n<li>Die Pflege wird erheblich erleichtert, sowohl f\u00fcr die pflegebed\u00fcrftige Person als auch f\u00fcr die Person, die pflegt. Hier ist es gleich, ob es sich um Pflegepersonal handelt oder um Familienmitglieder.<\/li>\n<li>Die Selbstst\u00e4ndigkeit der Lebensf\u00fchrung wird damit gef\u00f6rdert, die wiederum den Aufwand eines Pflegedienstes z. B. verringert.<\/li>\n<\/ul>\n<p>Nach Antragsstellung bei Ihrer Krankenkasse, schickt diese Ihnen einen Pr\u00fcfer vom medizinischen Dienst. Dieser schaut sich vor Ort die Gegebenheiten an und pr\u00fcft Ihren Antrag. Wenn Ihr Antrag genehmigt ist, k\u00f6nnen Sie die Gewerke frei w\u00e4hlen.[\/vc_column_text][\/vc_column][\/vc_row][vc_row type=&#8220;in_container&#8220; full_screen_row_position=&#8220;middle&#8220; scene_position=&#8220;center&#8220; text_color=&#8220;dark&#8220; text_align=&#8220;left&#8220; overlay_strength=&#8220;0.3&#8243; shape_divider_position=&#8220;bottom&#8220; bg_image_animation=&#8220;none&#8220;][vc_column column_padding=&#8220;no-extra-padding&#8220; column_padding_position=&#8220;all&#8220; background_color_opacity=&#8220;1&#8243; background_hover_color_opacity=&#8220;1&#8243; column_link_target=&#8220;_self&#8220; column_shadow=&#8220;none&#8220; column_border_radius=&#8220;none&#8220; width=&#8220;1\/3&#8243; tablet_width_inherit=&#8220;default&#8220; tablet_text_alignment=&#8220;default&#8220; phone_text_alignment=&#8220;default&#8220; column_border_width=&#8220;none&#8220; column_border_style=&#8220;solid&#8220; bg_image_animation=&#8220;none&#8220;][image_with_animation image_url=&#8220;272&#8243; alignment=&#8220;&#8220; animation=&#8220;Fade In&#8220; border_radius=&#8220;none&#8220; box_shadow=&#8220;none&#8220; max_width=&#8220;100%&#8220;][\/vc_column][vc_column column_padding=&#8220;no-extra-padding&#8220; column_padding_position=&#8220;all&#8220; background_color_opacity=&#8220;1&#8243; background_hover_color_opacity=&#8220;1&#8243; column_link_target=&#8220;_self&#8220; column_shadow=&#8220;none&#8220; column_border_radius=&#8220;none&#8220; width=&#8220;2\/3&#8243; tablet_width_inherit=&#8220;default&#8220; tablet_text_alignment=&#8220;default&#8220; phone_text_alignment=&#8220;default&#8220; column_border_width=&#8220;none&#8220; column_border_style=&#8220;solid&#8220; bg_image_animation=&#8220;none&#8220;][vc_column_text]\n<h3><strong>Die Ma\u00dfnahme und was wir f\u00fcr Sie tun<\/strong><\/h3>\n<p>Die Pflegekasse zahlt verschiedene Ma\u00dfnahmen f\u00fcr Anpassungen in Ihrer Wohnung oder in Ihrem Haus unter Voraussetzung des Pflegegrades 1 bis 5. Eingriffe wie T\u00fcrverbreiterungen, den Einbau eines Treppenlifts oder feste Rampen etc. werden auf Antrag bezuschusst. F\u00fcr jeden Menschen mit Pflegegrad sind unterschiedliche Ma\u00dfnahmen erforderlich. Oft bedarf es einer Beratung, welche Ma\u00dfnahmen notwendig sind und ebenfalls Unterst\u00fctzung bei einer aussagekr\u00e4ftigen Angebotserstellung. Gerne sind wir f\u00fcr Sie da.<\/p>\n<p>Welche Ma\u00dfnahmen k\u00f6nnen nun von uns als Fliesenleger f\u00fcr Sie durchgef\u00fchrt werden, um Ihr Wohnumfeld bestm\u00f6glich anzupassen?[\/vc_column_text][\/vc_column][\/vc_row][vc_row type=&#8220;in_container&#8220; full_screen_row_position=&#8220;middle&#8220; scene_position=&#8220;center&#8220; text_color=&#8220;dark&#8220; text_align=&#8220;left&#8220; bottom_padding=&#8220;2%&#8220; overlay_strength=&#8220;0.3&#8243; shape_divider_position=&#8220;bottom&#8220; bg_image_animation=&#8220;none&#8220; shape_type=&#8220;&#8220;][vc_column column_padding=&#8220;no-extra-padding&#8220; column_padding_position=&#8220;all&#8220; background_color_opacity=&#8220;1&#8243; background_hover_color_opacity=&#8220;1&#8243; column_link_target=&#8220;_self&#8220; column_shadow=&#8220;none&#8220; column_border_radius=&#8220;none&#8220; width=&#8220;1\/1&#8243; tablet_width_inherit=&#8220;default&#8220; tablet_text_alignment=&#8220;default&#8220; phone_text_alignment=&#8220;default&#8220; column_border_width=&#8220;none&#8220; column_border_style=&#8220;solid&#8220; bg_image_animation=&#8220;none&#8220;][vc_column_text]Wir bieten Ihnen Sicherheit \u00fcberall dort, wo B\u00f6den Sie ins Rutschen bringen k\u00f6nnten \u00a0oder Einstiege in Brausetasse\/ Badewanne Hindernisse darstellen. Gemeinsam sorgen wir mit unseren Kooperationspartnern f\u00fcr die schnelle Umsetzung Ihrer Ma\u00dfnahmen, wie z.B. in Ihrem Bad:<\/p>\n<ul>\n<li>Wir gestalten f\u00fcr Sie Fliesenb\u00f6den in der K\u00fcche mit rutschhemmenden Fliesen, damit Kochen wieder zu Ihrer Leidenschaft wird.<\/li>\n<li>Zu hoch liegende Brausetassen oder Badewannen werden durch uns, sofern technisch m\u00f6glich, in barrierearme oder bodengleiche Duschpl\u00e4tze umfunktioniert<\/li>\n<li>Wir statten f\u00fcr Sie B\u00e4der mit trittsicheren B\u00f6den aus, damit die t\u00e4gliche Morgenroutine Ihnen wieder einen guten Start in den Tag schenkt.<\/li>\n<li>Wir r\u00fcsten Ihre Au\u00dfenbereiche mit rutschsicheren B\u00f6den aus, damit Sie sich drau\u00dfen wie drinnen wohl und sicher f\u00fchlen k\u00f6nnen.<\/li>\n<li>Wir beraten Sie gerne, um mit modernen Designs Sicherheit auf Ihre B\u00f6den zu zaubern.<\/li>\n<li>Auch Treppen, Stufen und Podeste passen wir auf Ihre individuellen Bed\u00fcrfnisse an.<\/li>\n<li>Unsere Kooperationspartner im Bereich Sanit\u00e4r, Elektrik, Trockenbau und Schreinerei vervollst\u00e4ndigen unser Angebot und unsere Serviceleistungen.<\/li>\n<li>Insbesondere sorgen wir mit unserem Sanit\u00e4rpartner f\u00fcr das schnelle Entsorgen Ihrer alten Badausstattung und gestalten f\u00fcr Sie neue barrierefreie Duschbereiche.<\/li>\n<\/ul>\n[\/vc_column_text][\/vc_column][\/vc_row][vc_row type=&#8220;full_width_background&#8220; full_screen_row_position=&#8220;middle&#8220; bg_color=&#8220;#afdeea&#8220; scene_position=&#8220;center&#8220; text_color=&#8220;dark&#8220; text_align=&#8220;left&#8220; top_padding=&#8220;5%&#8220; bottom_padding=&#8220;5%&#8220; overlay_strength=&#8220;0.3&#8243; shape_divider_position=&#8220;bottom&#8220; bg_image_animation=&#8220;none&#8220; shape_type=&#8220;&#8220;][vc_column centered_text=&#8220;true&#8220; column_padding=&#8220;no-extra-padding&#8220; column_padding_position=&#8220;all&#8220; background_color_opacity=&#8220;1&#8243; background_hover_color_opacity=&#8220;1&#8243; font_color=&#8220;#333333&#8243; column_link_target=&#8220;_self&#8220; column_shadow=&#8220;none&#8220; column_border_radius=&#8220;none&#8220; width=&#8220;1\/1&#8243; tablet_width_inherit=&#8220;default&#8220; tablet_text_alignment=&#8220;default&#8220; phone_text_alignment=&#8220;default&#8220; column_border_width=&#8220;none&#8220; column_border_style=&#8220;solid&#8220; bg_image_animation=&#8220;none&#8220;][vc_column_text]\n<h2 style=\"text-align: center;\"><span style=\"color: #ffffff;\"><strong>Wir beraten Sie vor Ort, erstellen Ihnen ein vollst\u00e4ndiges Angebot, angepasst auf Ihre pers\u00f6nliche wohumfeldverbessernde Ma\u00dfnahme und stellen Ihnen unsere Partnergewerke zur Seite.<\/strong><\/span><\/h2>\n[\/vc_column_text][nectar_cta btn_style=&#8220;see-through&#8220; heading_tag=&#8220;h6&#8243; text_color=&#8220;#000000&#8243; link_type=&#8220;regular&#8220; alignment=&#8220;center&#8220; text=&#8220;Jetzt Kontakt aufnehmen&#8220; link_text=&#8220;Klick&#8220; url=&#8220;https:\/\/wilhelm-timm-fliesen.de\/kontakt\/&#8220; margin_top=&#8220;10&#8243; margin_bottom=&#8220;10&#8243;][\/vc_column][\/vc_row]\n","protected":false},"excerpt":{"rendered":"<p>[vc_row type=&#8220;in_container&#8220; full_screen_row_position=&#8220;middle&#8220; scene_position=&#8220;center&#8220; text_color=&#8220;dark&#8220; text_align=&#8220;left&#8220; top_padding=&#8220;75&#8243; overlay_strength=&#8220;0.3&#8243; shape_divider_position=&#8220;bottom&#8220; bg_image_animation=&#8220;none&#8220; shape_type=&#8220;&#8220;][vc_column column_padding=&#8220;no-extra-padding&#8220; column_padding_position=&#8220;all&#8220; background_color_opacity=&#8220;1&#8243; background_hover_color_opacity=&#8220;1&#8243; column_link_target=&#8220;_self&#8220; column_shadow=&#8220;none&#8220; column_border_radius=&#8220;none&#8220; width=&#8220;1\/1&#8243; tablet_width_inherit=&#8220;default&#8220; tablet_text_alignment=&#8220;default&#8220; phone_text_alignment=&#8220;default&#8220; column_border_width=&#8220;none&#8220; column_border_style=&#8220;solid&#8220; bg_image_animation=&#8220;none&#8220;][vc_column_text] Ein Traum kann Wirklichkeit werden&#8230;<\/p>\n","protected":false},"author":1,"featured_media":639,"comment_status":"closed","ping_status":"closed","sticky":false,"template":"","format":"standard","meta":{"footnotes":""},"categories":[1],"tags":[],"class_list":{"0":"post-679","1":"post","2":"type-post","3":"status-publish","4":"format-standard","5":"has-post-thumbnail","7":"category-allgemein"},"_links":{"self":[{"href":"https:\/\/wilhelm-Timm-Fliesen.de\/index.php\/wp-json\/wp\/v2\/posts\/679","targetHints":{"allow":["GET"]}}],"collection":[{"href":"https:\/\/wilhelm-Timm-Fliesen.de\/index.php\/wp-json\/wp\/v2\/posts"}],"about":[{"href":"https:\/\/wilhelm-Timm-Fliesen.de\/index.php\/wp-json\/wp\/v2\/types\/post"}],"author":[{"embeddable":true,"href":"https:\/\/wilhelm-Timm-Fliesen.de\/index.php\/wp-json\/wp\/v2\/users\/1"}],"replies":[{"embeddable":true,"href":"https:\/\/wilhelm-Timm-Fliesen.de\/index.php\/wp-json\/wp\/v2\/comments?post=679"}],"version-history":[{"count":16,"href":"https:\/\/wilhelm-Timm-Fliesen.de\/index.php\/wp-json\/wp\/v2\/posts\/679\/revisions"}],"predecessor-version":[{"id":698,"href":"https:\/\/wilhelm-Timm-Fliesen.de\/index.php\/wp-json\/wp\/v2\/posts\/679\/revisions\/698"}],"wp:featuredmedia":[{"embeddable":true,"href":"https:\/\/wilhelm-Timm-Fliesen.de\/index.php\/wp-json\/wp\/v2\/media\/639"}],"wp:attachment":[{"href":"https:\/\/wilhelm-Timm-Fliesen.de\/index.php\/wp-json\/wp\/v2\/media?parent=679"}],"wp:term":[{"taxonomy":"category","embeddable":true,"href":"https:\/\/wilhelm-Timm-Fliesen.de\/index.php\/wp-json\/wp\/v2\/categories?post=679"},{"taxonomy":"post_tag","embeddable":true,"href":"https:\/\/wilhelm-Timm-Fliesen.de\/index.php\/wp-json\/wp\/v2\/tags?post=679"}],"curies":[{"name":"wp","href":"https:\/\/api.w.org\/{rel}","templated":true}]}}